{"id":6640,"date":"2025-07-25T10:28:07","date_gmt":"2025-07-25T08:28:07","guid":{"rendered":"https:\/\/www.weber-ingenieure.de\/2025\/07\/25\/achevement-reussi-de-la-creche-de-rosbach-wied\/"},"modified":"2025-12-16T22:10:42","modified_gmt":"2025-12-16T21:10:42","slug":"achevement-reussi-de-la-creche-de-rosbach-wied","status":"publish","type":"post","link":"https:\/\/www.weber-ingenieure.de\/fr\/2025\/07\/25\/achevement-reussi-de-la-creche-de-rosbach-wied\/","title":{"rendered":"Ach\u00e8vement r\u00e9ussi de la cr\u00e8che de Ro\u00dfbach-Wied"},"content":{"rendered":"<div  class='flex_column av-4gichz-149398a1172b12b866079eab5bc703c3 av_one_half  avia-builder-el-0  avia-builder-el-no-sibling  first flex_column_div  '     ><style type=\"text\/css\" data-created_by=\"avia_inline_auto\" id=\"style-css-av-mc09ncc9-09551a2b1f4e4b3b915c1b030579ff46\">\n.avia-image-container.av-mc09ncc9-09551a2b1f4e4b3b915c1b030579ff46 img.avia_image{\nbox-shadow:none;\n}\n.avia-image-container.av-mc09ncc9-09551a2b1f4e4b3b915c1b030579ff46 .av-image-caption-overlay-center{\ncolor:#ffffff;\n}\n<\/style>\n<div  class='avia-image-container av-mc09ncc9-09551a2b1f4e4b3b915c1b030579ff46 av-styling- avia-align-center  avia-builder-el-1  avia-builder-el-no-sibling '   itemprop=\"image\" itemscope=\"itemscope\" itemtype=\"https:\/\/schema.org\/ImageObject\" ><div class=\"avia-image-container-inner\"><div class=\"avia-image-overlay-wrap\"><img decoding=\"async\" fetchpriority=\"high\" class='wp-image-6641 avia-img-lazy-loading-not-6641 avia_image ' src=\"https:\/\/www.weber-ingenieure.de\/wp-content\/uploads\/2025\/07\/2025-07-16-15.59.48-300x105.jpg\" alt='' title='2025-07-16 15.59.48'  height=\"105\" width=\"300\"  itemprop=\"thumbnailUrl\" srcset=\"https:\/\/www.weber-ingenieure.de\/wp-content\/uploads\/2025\/07\/2025-07-16-15.59.48-300x105.jpg 300w, https:\/\/www.weber-ingenieure.de\/wp-content\/uploads\/2025\/07\/2025-07-16-15.59.48-1030x359.jpg 1030w, https:\/\/www.weber-ingenieure.de\/wp-content\/uploads\/2025\/07\/2025-07-16-15.59.48-768x268.jpg 768w, https:\/\/www.weber-ingenieure.de\/wp-content\/uploads\/2025\/07\/2025-07-16-15.59.48-1536x536.jpg 1536w, https:\/\/www.weber-ingenieure.de\/wp-content\/uploads\/2025\/07\/2025-07-16-15.59.48-2048x715.jpg 2048w, https:\/\/www.weber-ingenieure.de\/wp-content\/uploads\/2025\/07\/2025-07-16-15.59.48-1500x523.jpg 1500w, https:\/\/www.weber-ingenieure.de\/wp-content\/uploads\/2025\/07\/2025-07-16-15.59.48-705x246.jpg 705w, https:\/\/www.weber-ingenieure.de\/wp-content\/uploads\/2025\/07\/2025-07-16-15.59.48-1210x423.jpg 1210w\" sizes=\"(max-width: 300px) 100vw, 300px\" \/><\/div><\/div><\/div><\/div>\n","protected":false},"excerpt":{"rendered":"<p>Ach\u00e8vement r\u00e9ussi de la cr\u00e8che de Ro\u00dfbach-Wied<\/p>\n","protected":false},"author":3,"featured_media":6641,"comment_status":"closed","ping_status":"closed","sticky":false,"template":"","format":"standard","meta":{"footnotes":""},"categories":[27189],"tags":[],"class_list":["post-6640","post","type-post","status-publish","format-standard","has-post-thumbnail","hentry","category-non-categorise"],"_links":{"self":[{"href":"https:\/\/www.weber-ingenieure.de\/fr\/wp-json\/wp\/v2\/posts\/6640","targetHints":{"allow":["GET"]}}],"collection":[{"href":"https:\/\/www.weber-ingenieure.de\/fr\/wp-json\/wp\/v2\/posts"}],"about":[{"href":"https:\/\/www.weber-ingenieure.de\/fr\/wp-json\/wp\/v2\/types\/post"}],"author":[{"embeddable":true,"href":"https:\/\/www.weber-ingenieure.de\/fr\/wp-json\/wp\/v2\/users\/3"}],"replies":[{"embeddable":true,"href":"https:\/\/www.weber-ingenieure.de\/fr\/wp-json\/wp\/v2\/comments?post=6640"}],"version-history":[{"count":0,"href":"https:\/\/www.weber-ingenieure.de\/fr\/wp-json\/wp\/v2\/posts\/6640\/revisions"}],"wp:featuredmedia":[{"embeddable":true,"href":"https:\/\/www.weber-ingenieure.de\/fr\/wp-json\/wp\/v2\/media\/6641"}],"wp:attachment":[{"href":"https:\/\/www.weber-ingenieure.de\/fr\/wp-json\/wp\/v2\/media?parent=6640"}],"wp:term":[{"taxonomy":"category","embeddable":true,"href":"https:\/\/www.weber-ingenieure.de\/fr\/wp-json\/wp\/v2\/categories?post=6640"},{"taxonomy":"post_tag","embeddable":true,"href":"https:\/\/www.weber-ingenieure.de\/fr\/wp-json\/wp\/v2\/tags?post=6640"}],"curies":[{"name":"wp","href":"https:\/\/api.w.org\/{rel}","templated":true}]}}